{"id":34014,"date":"2025-02-07T15:57:36","date_gmt":"2025-02-07T14:57:36","guid":{"rendered":"https:\/\/www.admofvg.it\/site\/?p=34014"},"modified":"2025-02-07T15:57:57","modified_gmt":"2025-02-07T14:57:57","slug":"presentazione-libro-riuniti-in-un-solo-corpo","status":"publish","type":"post","link":"https:\/\/www.admofvg.it\/site\/presentazione-libro-riuniti-in-un-solo-corpo\/","title":{"rendered":"Presentazione Libro &#8220;Riuniti in un solo corpo&#8221;"},"content":{"rendered":"\t\t<div data-elementor-type=\"wp-post\" data-elementor-id=\"34014\" class=\"elementor elementor-34014\">\n\t\t\t\t<div class=\"elementor-element elementor-element-5972fab2 e-flex e-con-boxed e-con e-parent\" data-id=\"5972fab2\" data-element_type=\"container\" data-e-type=\"container\">\n\t\t\t\t\t<div class=\"e-con-inner\">\n\t\t\t\t<div class=\"elementor-element elementor-element-96e35f2 elementor-widget elementor-widget-text-editor\" data-id=\"96e35f2\" data-element_type=\"widget\" data-e-type=\"widget\" data-widget_type=\"text-editor.default\">\n\t\t\t\t<div class=\"elementor-widget-container\">\n\t\t\t\t\t\t\t\t\t<p style=\"font-weight: 400; text-align: center;\"><strong><em><span>\u201cRIUNITI IN UN SOLO CORPO<\/span><\/em><\/strong><\/p>\n<p style=\"font-weight: 400; text-align: center;\"><strong><em><span>ADMO FVG: UNA CULTURA DEL DONO DA SCRIVERE INSIEME\u201d<\/span><\/em><\/strong><\/p>\n<p style=\"font-weight: 400; text-align: center;\"><em><span>Venerd\u00ec 21 marzo 2025 ore 16:00<\/span><\/em><\/p>\n<p style=\"font-weight: 400; text-align: center;\"><em><span>Presso Sala Ajace, Palazzo D\u2019Aronco<\/span><\/em><\/p>\n<p style=\"font-weight: 400; text-align: center;\"><em><span>Via Lionello 1, Udine<\/span><\/em><\/p>\n<p style=\"color: #6a6a6a; font-family: arial, verdana, Helvetica, sans-serif; font-size: 14px; text-align: justify;\"><span>Per promuovere una cultura del dono inclusiva ed intergenerazionale ADMO FVG ha collaborato attraverso le testimonianze di alcuni suoi membri al libro di Lidia Arreghini \u201cRiuniti in un solo corpo\u201d edito da Edizioni Pragma.<\/span><\/p>\n<p style=\"color: #6a6a6a; font-family: arial, verdana, Helvetica, sans-serif; font-size: 14px; text-align: justify;\"><span>Il testo, attraverso i racconti di donatori, riceventi e sanitari, propone una visione filosofica del trapianto, che \u00e8 molto pi\u00f9 di una procedura sanitaria e, visto nelle sue implicazioni umanistiche ed esistenziali, pu\u00f2 essere interpretato dalla popolazione sotto altri punti di vista.<\/span><\/p>\n<p style=\"color: #6a6a6a; font-family: arial, verdana, Helvetica, sans-serif; font-size: 14px; text-align: justify;\"><span>L\u2019evento dar\u00e0 viva voce all\u2019autrice ed ai protagonisti del libro.<\/span><\/p>\n<p style=\"color: #6a6a6a; font-family: arial, verdana, Helvetica, sans-serif; font-size: 14px; text-align: justify;\"><span>Sar\u00e0 ospite d\u2019onore all\u2019evento con una<span>\u00a0<\/span><em>lectio magistralis<\/em><span>\u00a0<\/span>il Prof.<span>\u00a0<\/span><strong>Umberto Curi<\/strong>, Professore Emerito di Storia della filosofia presso l\u2019Universit\u00e0 di Padova.<\/span><\/p>\n<p style=\"color: #6a6a6a; font-family: arial, verdana, Helvetica, sans-serif; font-size: 14px; text-align: justify;\"><span>Durante l&#8217;evento sar\u00e0 allestito un banchetto dove poter acquistare il libro. La scrittrice devolver\u00e0 una quota del ricavato ad ADMO FVG.<\/span><\/p>\n<p style=\"color: #6a6a6a; font-family: arial, verdana, Helvetica, sans-serif; font-size: 14px; text-align: justify;\">EVENTO APERTO AL PUBBLICO FINO AD ESAURIMENTO POSTI<\/p>\n<p><\/p>\n<p><!-- \/wp:tadv\/classic-paragraph --><!-- wp:image {\"id\":34015,\"width\":\"559px\",\"height\":\"auto\",\"sizeSlug\":\"large\",\"linkDestination\":\"media\",\"align\":\"center\"} --><\/p>\n<figure class=\"wp-block-image aligncenter size-large is-resized\"><\/figure>\n<p><!-- \/wp:image --><!-- wp:tadv\/classic-paragraph --><\/p>\n<p><\/p>\n<p><!-- \/wp:tadv\/classic-paragraph --><\/p>\t\t\t\t\t\t\t\t<\/div>\n\t\t\t\t<\/div>\n\t\t\t\t<div class=\"elementor-element elementor-element-14dab07 elementor-widget elementor-widget-image\" data-id=\"14dab07\" data-element_type=\"widget\" data-e-type=\"widget\" data-widget_type=\"image.default\">\n\t\t\t\t<div class=\"elementor-widget-container\">\n\t\t\t\t\t\t\t\t\t\t\t\t\t\t\t<img fetchpriority=\"high\" decoding=\"async\" width=\"750\" height=\"938\" src=\"https:\/\/www.admofvg.it\/site\/wp-content\/uploads\/2025\/02\/Social-Evento-819x1024.png\" class=\"attachment-large size-large wp-image-34015\" alt=\"\" srcset=\"https:\/\/www.admofvg.it\/site\/wp-content\/uploads\/2025\/02\/Social-Evento-819x1024.png 819w, https:\/\/www.admofvg.it\/site\/wp-content\/uploads\/2025\/02\/Social-Evento-240x300.png 240w, https:\/\/www.admofvg.it\/site\/wp-content\/uploads\/2025\/02\/Social-Evento-768x960.png 768w, https:\/\/www.admofvg.it\/site\/wp-content\/uploads\/2025\/02\/Social-Evento.png 1080w\" sizes=\"(max-width: 750px) 100vw, 750px\" \/>\t\t\t\t\t\t\t\t\t\t\t\t\t\t\t<\/div>\n\t\t\t\t<\/div>\n\t\t\t\t\t<\/div>\n\t\t\t\t<\/div>\n\t\t<div class=\"elementor-element elementor-element-64e99fb e-flex e-con-boxed e-con e-parent\" data-id=\"64e99fb\" data-element_type=\"container\" data-e-type=\"container\">\n\t\t\t\t\t<div class=\"e-con-inner\">\n\t\t\t\t<div class=\"elementor-element elementor-element-14c650f elementor-widget elementor-widget-spacer\" data-id=\"14c650f\" data-element_type=\"widget\" data-e-type=\"widget\" data-widget_type=\"spacer.default\">\n\t\t\t\t<div class=\"elementor-widget-container\">\n\t\t\t\t\t\t\t<div class=\"elementor-spacer\">\n\t\t\t<div class=\"elementor-spacer-inner\"><\/div>\n\t\t<\/div>\n\t\t\t\t\t\t<\/div>\n\t\t\t\t<\/div>\n\t\t\t\t\t<\/div>\n\t\t\t\t<\/div>\n\t\t\t\t<\/div>\n\t\t","protected":false},"excerpt":{"rendered":"<p>\u201cRIUNITI IN UN SOLO CORPO ADMO FVG: UNA CULTURA DEL DONO DA SCRIVERE INSIEME\u201d Venerd\u00ec 21 marzo 2025 ore 16:00 Presso Sala Ajace, Palazzo D\u2019Aronco Via Lionello 1, Udine Per promuovere una cultura del dono inclusiva ed intergenerazionale ADMO FVG ha collaborato attraverso le testimonianze di alcuni suoi membri al [&hellip;]<\/p>\n","protected":false},"author":8,"featured_media":0,"comment_status":"open","ping_status":"open","sticky":false,"template":"","format":"standard","meta":{"_monsterinsights_skip_tracking":false,"_monsterinsights_sitenote_active":false,"_monsterinsights_sitenote_note":"","_monsterinsights_sitenote_category":0,"footnotes":""},"categories":[9,1],"tags":[],"class_list":["post-34014","post","type-post","status-publish","format-standard","hentry","category-eventi","category-news"],"yoast_head":"<!-- This site is optimized with the Yoast SEO plugin v27.5 - https:\/\/yoast.com\/product\/yoast-seo-wordpress\/ -->\n<title>Presentazione Libro &quot;Riuniti in un solo corpo&quot; - ADMO FVG<\/title>\n<meta name=\"robots\" content=\"index, follow, max-snippet:-1, max-image-preview:large, max-video-preview:-1\" \/>\n<link rel=\"canonical\" href=\"https:\/\/www.admofvg.it\/site\/presentazione-libro-riuniti-in-un-solo-corpo\/\" \/>\n<meta property=\"og:locale\" content=\"it_IT\" \/>\n<meta property=\"og:type\" content=\"article\" \/>\n<meta property=\"og:title\" content=\"Presentazione Libro &quot;Riuniti in un solo corpo&quot; - ADMO FVG\" \/>\n<meta property=\"og:description\" content=\"\u201cRIUNITI IN UN SOLO CORPO ADMO FVG: UNA CULTURA DEL DONO DA SCRIVERE INSIEME\u201d Venerd\u00ec 21 marzo 2025 ore 16:00 Presso Sala Ajace, Palazzo D\u2019Aronco Via Lionello 1, Udine Per promuovere una cultura del dono inclusiva ed intergenerazionale ADMO FVG ha collaborato attraverso le testimonianze di alcuni suoi membri al [&hellip;]\" \/>\n<meta property=\"og:url\" content=\"https:\/\/www.admofvg.it\/site\/presentazione-libro-riuniti-in-un-solo-corpo\/\" \/>\n<meta property=\"og:site_name\" content=\"ADMO FVG\" \/>\n<meta property=\"article:publisher\" content=\"https:\/\/it-it.facebook.com\/admo.friuliveneziagiulia\/\" \/>\n<meta property=\"article:published_time\" content=\"2025-02-07T14:57:36+00:00\" \/>\n<meta property=\"article:modified_time\" content=\"2025-02-07T14:57:57+00:00\" \/>\n<meta property=\"og:image\" content=\"https:\/\/www.admofvg.it\/site\/wp-content\/uploads\/2025\/02\/Social-Evento.png\" \/>\n\t<meta property=\"og:image:width\" content=\"1080\" \/>\n\t<meta property=\"og:image:height\" content=\"1350\" \/>\n\t<meta property=\"og:image:type\" content=\"image\/png\" \/>\n<meta name=\"author\" content=\"ADMO FVG\" \/>\n<meta name=\"twitter:card\" content=\"summary_large_image\" \/>\n<meta name=\"twitter:label1\" content=\"Scritto da\" \/>\n\t<meta name=\"twitter:data1\" content=\"ADMO FVG\" \/>\n\t<meta name=\"twitter:label2\" content=\"Tempo di lettura stimato\" \/>\n\t<meta name=\"twitter:data2\" content=\"2 minuti\" \/>\n<script type=\"application\/ld+json\" class=\"yoast-schema-graph\">{\"@context\":\"https:\\\/\\\/schema.org\",\"@graph\":[{\"@type\":\"NewsArticle\",\"@id\":\"https:\\\/\\\/www.admofvg.it\\\/site\\\/presentazione-libro-riuniti-in-un-solo-corpo\\\/#article\",\"isPartOf\":{\"@id\":\"https:\\\/\\\/www.admofvg.it\\\/site\\\/presentazione-libro-riuniti-in-un-solo-corpo\\\/\"},\"author\":{\"name\":\"ADMO FVG\",\"@id\":\"https:\\\/\\\/www.admofvg.it\\\/site\\\/#\\\/schema\\\/person\\\/d3a5375b560509df38b579f0db3316f3\"},\"headline\":\"Presentazione Libro &#8220;Riuniti in un solo corpo&#8221;\",\"datePublished\":\"2025-02-07T14:57:36+00:00\",\"dateModified\":\"2025-02-07T14:57:57+00:00\",\"mainEntityOfPage\":{\"@id\":\"https:\\\/\\\/www.admofvg.it\\\/site\\\/presentazione-libro-riuniti-in-un-solo-corpo\\\/\"},\"wordCount\":175,\"commentCount\":0,\"image\":{\"@id\":\"https:\\\/\\\/www.admofvg.it\\\/site\\\/presentazione-libro-riuniti-in-un-solo-corpo\\\/#primaryimage\"},\"thumbnailUrl\":\"https:\\\/\\\/www.admofvg.it\\\/site\\\/wp-content\\\/uploads\\\/2025\\\/02\\\/Social-Evento-819x1024.png\",\"articleSection\":[\"Eventi\",\"News\"],\"inLanguage\":\"it-IT\",\"potentialAction\":[{\"@type\":\"CommentAction\",\"name\":\"Comment\",\"target\":[\"https:\\\/\\\/www.admofvg.it\\\/site\\\/presentazione-libro-riuniti-in-un-solo-corpo\\\/#respond\"]}]},{\"@type\":\"WebPage\",\"@id\":\"https:\\\/\\\/www.admofvg.it\\\/site\\\/presentazione-libro-riuniti-in-un-solo-corpo\\\/\",\"url\":\"https:\\\/\\\/www.admofvg.it\\\/site\\\/presentazione-libro-riuniti-in-un-solo-corpo\\\/\",\"name\":\"Presentazione Libro \\\"Riuniti in un solo corpo\\\" - ADMO FVG\",\"isPartOf\":{\"@id\":\"https:\\\/\\\/www.admofvg.it\\\/site\\\/#website\"},\"primaryImageOfPage\":{\"@id\":\"https:\\\/\\\/www.admofvg.it\\\/site\\\/presentazione-libro-riuniti-in-un-solo-corpo\\\/#primaryimage\"},\"image\":{\"@id\":\"https:\\\/\\\/www.admofvg.it\\\/site\\\/presentazione-libro-riuniti-in-un-solo-corpo\\\/#primaryimage\"},\"thumbnailUrl\":\"https:\\\/\\\/www.admofvg.it\\\/site\\\/wp-content\\\/uploads\\\/2025\\\/02\\\/Social-Evento-819x1024.png\",\"datePublished\":\"2025-02-07T14:57:36+00:00\",\"dateModified\":\"2025-02-07T14:57:57+00:00\",\"author\":{\"@id\":\"https:\\\/\\\/www.admofvg.it\\\/site\\\/#\\\/schema\\\/person\\\/d3a5375b560509df38b579f0db3316f3\"},\"breadcrumb\":{\"@id\":\"https:\\\/\\\/www.admofvg.it\\\/site\\\/presentazione-libro-riuniti-in-un-solo-corpo\\\/#breadcrumb\"},\"inLanguage\":\"it-IT\",\"potentialAction\":[{\"@type\":\"ReadAction\",\"target\":[\"https:\\\/\\\/www.admofvg.it\\\/site\\\/presentazione-libro-riuniti-in-un-solo-corpo\\\/\"]}]},{\"@type\":\"ImageObject\",\"inLanguage\":\"it-IT\",\"@id\":\"https:\\\/\\\/www.admofvg.it\\\/site\\\/presentazione-libro-riuniti-in-un-solo-corpo\\\/#primaryimage\",\"url\":\"https:\\\/\\\/www.admofvg.it\\\/site\\\/wp-content\\\/uploads\\\/2025\\\/02\\\/Social-Evento.png\",\"contentUrl\":\"https:\\\/\\\/www.admofvg.it\\\/site\\\/wp-content\\\/uploads\\\/2025\\\/02\\\/Social-Evento.png\",\"width\":1080,\"height\":1350},{\"@type\":\"BreadcrumbList\",\"@id\":\"https:\\\/\\\/www.admofvg.it\\\/site\\\/presentazione-libro-riuniti-in-un-solo-corpo\\\/#breadcrumb\",\"itemListElement\":[{\"@type\":\"ListItem\",\"position\":1,\"name\":\"Home\",\"item\":\"https:\\\/\\\/www.admofvg.it\\\/site\\\/\"},{\"@type\":\"ListItem\",\"position\":2,\"name\":\"Presentazione Libro &#8220;Riuniti in un solo corpo&#8221;\"}]},{\"@type\":\"WebSite\",\"@id\":\"https:\\\/\\\/www.admofvg.it\\\/site\\\/#website\",\"url\":\"https:\\\/\\\/www.admofvg.it\\\/site\\\/\",\"name\":\"ADMO FVG\",\"description\":\"ADMO Friuli Venezia Giulia\",\"potentialAction\":[{\"@type\":\"SearchAction\",\"target\":{\"@type\":\"EntryPoint\",\"urlTemplate\":\"https:\\\/\\\/www.admofvg.it\\\/site\\\/?s={search_term_string}\"},\"query-input\":{\"@type\":\"PropertyValueSpecification\",\"valueRequired\":true,\"valueName\":\"search_term_string\"}}],\"inLanguage\":\"it-IT\"},{\"@type\":\"Person\",\"@id\":\"https:\\\/\\\/www.admofvg.it\\\/site\\\/#\\\/schema\\\/person\\\/d3a5375b560509df38b579f0db3316f3\",\"name\":\"ADMO FVG\",\"image\":{\"@type\":\"ImageObject\",\"inLanguage\":\"it-IT\",\"@id\":\"https:\\\/\\\/secure.gravatar.com\\\/avatar\\\/0020ed6b558a0e0d700d911369e155f65f201cf77d73cc35db6ba24925116ac6?s=96&d=mm&r=g\",\"url\":\"https:\\\/\\\/secure.gravatar.com\\\/avatar\\\/0020ed6b558a0e0d700d911369e155f65f201cf77d73cc35db6ba24925116ac6?s=96&d=mm&r=g\",\"contentUrl\":\"https:\\\/\\\/secure.gravatar.com\\\/avatar\\\/0020ed6b558a0e0d700d911369e155f65f201cf77d73cc35db6ba24925116ac6?s=96&d=mm&r=g\",\"caption\":\"ADMO FVG\"},\"url\":\"https:\\\/\\\/www.admofvg.it\\\/site\\\/author\\\/leonardo-rinaldi\\\/\"}]}<\/script>\n<!-- \/ Yoast SEO plugin. -->","yoast_head_json":{"title":"Presentazione Libro \"Riuniti in un solo corpo\" - ADMO FVG","robots":{"index":"index","follow":"follow","max-snippet":"max-snippet:-1","max-image-preview":"max-image-preview:large","max-video-preview":"max-video-preview:-1"},"canonical":"https:\/\/www.admofvg.it\/site\/presentazione-libro-riuniti-in-un-solo-corpo\/","og_locale":"it_IT","og_type":"article","og_title":"Presentazione Libro \"Riuniti in un solo corpo\" - ADMO FVG","og_description":"\u201cRIUNITI IN UN SOLO CORPO ADMO FVG: UNA CULTURA DEL DONO DA SCRIVERE INSIEME\u201d Venerd\u00ec 21 marzo 2025 ore 16:00 Presso Sala Ajace, Palazzo D\u2019Aronco Via Lionello 1, Udine Per promuovere una cultura del dono inclusiva ed intergenerazionale ADMO FVG ha collaborato attraverso le testimonianze di alcuni suoi membri al [&hellip;]","og_url":"https:\/\/www.admofvg.it\/site\/presentazione-libro-riuniti-in-un-solo-corpo\/","og_site_name":"ADMO FVG","article_publisher":"https:\/\/it-it.facebook.com\/admo.friuliveneziagiulia\/","article_published_time":"2025-02-07T14:57:36+00:00","article_modified_time":"2025-02-07T14:57:57+00:00","og_image":[{"width":1080,"height":1350,"url":"https:\/\/www.admofvg.it\/site\/wp-content\/uploads\/2025\/02\/Social-Evento.png","type":"image\/png"}],"author":"ADMO FVG","twitter_card":"summary_large_image","twitter_misc":{"Scritto da":"ADMO FVG","Tempo di lettura stimato":"2 minuti"},"schema":{"@context":"https:\/\/schema.org","@graph":[{"@type":"NewsArticle","@id":"https:\/\/www.admofvg.it\/site\/presentazione-libro-riuniti-in-un-solo-corpo\/#article","isPartOf":{"@id":"https:\/\/www.admofvg.it\/site\/presentazione-libro-riuniti-in-un-solo-corpo\/"},"author":{"name":"ADMO FVG","@id":"https:\/\/www.admofvg.it\/site\/#\/schema\/person\/d3a5375b560509df38b579f0db3316f3"},"headline":"Presentazione Libro &#8220;Riuniti in un solo corpo&#8221;","datePublished":"2025-02-07T14:57:36+00:00","dateModified":"2025-02-07T14:57:57+00:00","mainEntityOfPage":{"@id":"https:\/\/www.admofvg.it\/site\/presentazione-libro-riuniti-in-un-solo-corpo\/"},"wordCount":175,"commentCount":0,"image":{"@id":"https:\/\/www.admofvg.it\/site\/presentazione-libro-riuniti-in-un-solo-corpo\/#primaryimage"},"thumbnailUrl":"https:\/\/www.admofvg.it\/site\/wp-content\/uploads\/2025\/02\/Social-Evento-819x1024.png","articleSection":["Eventi","News"],"inLanguage":"it-IT","potentialAction":[{"@type":"CommentAction","name":"Comment","target":["https:\/\/www.admofvg.it\/site\/presentazione-libro-riuniti-in-un-solo-corpo\/#respond"]}]},{"@type":"WebPage","@id":"https:\/\/www.admofvg.it\/site\/presentazione-libro-riuniti-in-un-solo-corpo\/","url":"https:\/\/www.admofvg.it\/site\/presentazione-libro-riuniti-in-un-solo-corpo\/","name":"Presentazione Libro \"Riuniti in un solo corpo\" - ADMO FVG","isPartOf":{"@id":"https:\/\/www.admofvg.it\/site\/#website"},"primaryImageOfPage":{"@id":"https:\/\/www.admofvg.it\/site\/presentazione-libro-riuniti-in-un-solo-corpo\/#primaryimage"},"image":{"@id":"https:\/\/www.admofvg.it\/site\/presentazione-libro-riuniti-in-un-solo-corpo\/#primaryimage"},"thumbnailUrl":"https:\/\/www.admofvg.it\/site\/wp-content\/uploads\/2025\/02\/Social-Evento-819x1024.png","datePublished":"2025-02-07T14:57:36+00:00","dateModified":"2025-02-07T14:57:57+00:00","author":{"@id":"https:\/\/www.admofvg.it\/site\/#\/schema\/person\/d3a5375b560509df38b579f0db3316f3"},"breadcrumb":{"@id":"https:\/\/www.admofvg.it\/site\/presentazione-libro-riuniti-in-un-solo-corpo\/#breadcrumb"},"inLanguage":"it-IT","potentialAction":[{"@type":"ReadAction","target":["https:\/\/www.admofvg.it\/site\/presentazione-libro-riuniti-in-un-solo-corpo\/"]}]},{"@type":"ImageObject","inLanguage":"it-IT","@id":"https:\/\/www.admofvg.it\/site\/presentazione-libro-riuniti-in-un-solo-corpo\/#primaryimage","url":"https:\/\/www.admofvg.it\/site\/wp-content\/uploads\/2025\/02\/Social-Evento.png","contentUrl":"https:\/\/www.admofvg.it\/site\/wp-content\/uploads\/2025\/02\/Social-Evento.png","width":1080,"height":1350},{"@type":"BreadcrumbList","@id":"https:\/\/www.admofvg.it\/site\/presentazione-libro-riuniti-in-un-solo-corpo\/#breadcrumb","itemListElement":[{"@type":"ListItem","position":1,"name":"Home","item":"https:\/\/www.admofvg.it\/site\/"},{"@type":"ListItem","position":2,"name":"Presentazione Libro &#8220;Riuniti in un solo corpo&#8221;"}]},{"@type":"WebSite","@id":"https:\/\/www.admofvg.it\/site\/#website","url":"https:\/\/www.admofvg.it\/site\/","name":"ADMO FVG","description":"ADMO Friuli Venezia Giulia","potentialAction":[{"@type":"SearchAction","target":{"@type":"EntryPoint","urlTemplate":"https:\/\/www.admofvg.it\/site\/?s={search_term_string}"},"query-input":{"@type":"PropertyValueSpecification","valueRequired":true,"valueName":"search_term_string"}}],"inLanguage":"it-IT"},{"@type":"Person","@id":"https:\/\/www.admofvg.it\/site\/#\/schema\/person\/d3a5375b560509df38b579f0db3316f3","name":"ADMO FVG","image":{"@type":"ImageObject","inLanguage":"it-IT","@id":"https:\/\/secure.gravatar.com\/avatar\/0020ed6b558a0e0d700d911369e155f65f201cf77d73cc35db6ba24925116ac6?s=96&d=mm&r=g","url":"https:\/\/secure.gravatar.com\/avatar\/0020ed6b558a0e0d700d911369e155f65f201cf77d73cc35db6ba24925116ac6?s=96&d=mm&r=g","contentUrl":"https:\/\/secure.gravatar.com\/avatar\/0020ed6b558a0e0d700d911369e155f65f201cf77d73cc35db6ba24925116ac6?s=96&d=mm&r=g","caption":"ADMO FVG"},"url":"https:\/\/www.admofvg.it\/site\/author\/leonardo-rinaldi\/"}]}},"_links":{"self":[{"href":"https:\/\/www.admofvg.it\/site\/wp-json\/wp\/v2\/posts\/34014","targetHints":{"allow":["GET"]}}],"collection":[{"href":"https:\/\/www.admofvg.it\/site\/wp-json\/wp\/v2\/posts"}],"about":[{"href":"https:\/\/www.admofvg.it\/site\/wp-json\/wp\/v2\/types\/post"}],"author":[{"embeddable":true,"href":"https:\/\/www.admofvg.it\/site\/wp-json\/wp\/v2\/users\/8"}],"replies":[{"embeddable":true,"href":"https:\/\/www.admofvg.it\/site\/wp-json\/wp\/v2\/comments?post=34014"}],"version-history":[{"count":7,"href":"https:\/\/www.admofvg.it\/site\/wp-json\/wp\/v2\/posts\/34014\/revisions"}],"predecessor-version":[{"id":34022,"href":"https:\/\/www.admofvg.it\/site\/wp-json\/wp\/v2\/posts\/34014\/revisions\/34022"}],"wp:attachment":[{"href":"https:\/\/www.admofvg.it\/site\/wp-json\/wp\/v2\/media?parent=34014"}],"wp:term":[{"taxonomy":"category","embeddable":true,"href":"https:\/\/www.admofvg.it\/site\/wp-json\/wp\/v2\/categories?post=34014"},{"taxonomy":"post_tag","embeddable":true,"href":"https:\/\/www.admofvg.it\/site\/wp-json\/wp\/v2\/tags?post=34014"}],"curies":[{"name":"wp","href":"https:\/\/api.w.org\/{rel}","templated":true}]}}